
{"id":8111,"date":"2025-06-03T12:49:08","date_gmt":"2025-06-03T15:49:08","guid":{"rendered":"http:\/\/campoformoso.ba.gov.br\/site\/?p=8111"},"modified":"2025-06-03T12:49:13","modified_gmt":"2025-06-03T15:49:13","slug":"gestao-municipal-realizou-a-1a-conferencia-municipal-dos-direitos-do-idoso","status":"publish","type":"post","link":"http:\/\/campoformoso.ba.gov.br\/site\/gestao-municipal-realizou-a-1a-conferencia-municipal-dos-direitos-do-idoso\/","title":{"rendered":"GEST\u00c3O MUNICIPAL REALIZOU A 1\u00aa CONFER\u00caNCIA MUNICIPAL DOS DIREITOS DO IDOSO"},"content":{"rendered":"\n<figure class=\"wp-block-image size-full\"><img loading=\"lazy\" decoding=\"async\" width=\"2400\" height=\"1600\" src=\"http:\/\/campoformoso.ba.gov.br\/site\/wp-content\/uploads\/2025\/06\/IMG_9849.jpg\" alt=\"\" class=\"wp-image-8116\"\/><\/figure>\n\n\n\n<p>Na \u00faltima quinta-feira, 29 de maio, a Gest\u00e3o Municipal, por meio da Secretaria de Desenvolvimento Social, realizou a primeira edi\u00e7\u00e3o da Confer\u00eancia Municipal dos Direitos do Idoso. O tema suscitado foi &#8220;Envelhecimento multicultural e democracia: Urg\u00eancia por equidade, direitos e participa\u00e7\u00e3o&#8221;.<\/p>\n\n\n\n<p>Estiveram presentes o vice-prefeito Jaci Muniz, a secret\u00e1ria de Desenvolvimento Social, Sandra Madali e demais representantes da Gest\u00e3o Municipal. Foram debatidas importantes estrat\u00e9gias para a garantia dos direitos dos idosos e na oportunidade, a popula\u00e7\u00e3o que esteve presente participou das discurs\u00f5es e ouviram as falas dos conferencistas. Os idosos participaram da programa\u00e7\u00e3o com apresenta\u00e7\u00f5es culturais.<\/p>\n\n\n\n<p>Confira os registros:<\/p>\n\n\n\n<figure class=\"wp-block-gallery has-nested-images columns-default is-cropped wp-block-gallery-1 is-layout-flex wp-block-gallery-is-layout-flex\">\n<figure class=\"wp-block-image size-large\"><img loading=\"lazy\" decoding=\"async\" width=\"2400\" height=\"1600\" data-id=\"8119\" src=\"http:\/\/campoformoso.ba.gov.br\/site\/wp-content\/uploads\/2025\/06\/IMG_9828.jpg\" alt=\"\" class=\"wp-image-8119\"\/><\/figure>\n\n\n\n<figure class=\"wp-block-image size-large\"><img loading=\"lazy\" decoding=\"async\" width=\"2400\" height=\"1600\" data-id=\"8118\" src=\"http:\/\/campoformoso.ba.gov.br\/site\/wp-content\/uploads\/2025\/06\/IMG_9832.jpg\" alt=\"\" class=\"wp-image-8118\"\/><\/figure>\n\n\n\n<figure class=\"wp-block-image size-large\"><img loading=\"lazy\" decoding=\"async\" width=\"2400\" height=\"1600\" data-id=\"8117\" src=\"http:\/\/campoformoso.ba.gov.br\/site\/wp-content\/uploads\/2025\/06\/IMG_9844.jpg\" alt=\"\" class=\"wp-image-8117\"\/><\/figure>\n\n\n\n<figure class=\"wp-block-image size-large\"><img loading=\"lazy\" decoding=\"async\" width=\"2400\" height=\"1600\" data-id=\"8115\" src=\"http:\/\/campoformoso.ba.gov.br\/site\/wp-content\/uploads\/2025\/06\/IMG_98700.jpg\" alt=\"\" class=\"wp-image-8115\"\/><\/figure>\n\n\n\n<figure class=\"wp-block-image size-large\"><img loading=\"lazy\" decoding=\"async\" width=\"2400\" height=\"1600\" data-id=\"8112\" src=\"http:\/\/campoformoso.ba.gov.br\/site\/wp-content\/uploads\/2025\/06\/IMG_9922.jpg\" alt=\"\" class=\"wp-image-8112\"\/><\/figure>\n\n\n\n<figure class=\"wp-block-image size-large\"><img loading=\"lazy\" decoding=\"async\" width=\"2400\" height=\"1600\" data-id=\"8114\" src=\"http:\/\/campoformoso.ba.gov.br\/site\/wp-content\/uploads\/2025\/06\/IMG_9894.jpg\" alt=\"\" class=\"wp-image-8114\"\/><\/figure>\n\n\n\n<figure class=\"wp-block-image size-large\"><img loading=\"lazy\" decoding=\"async\" width=\"2400\" height=\"1600\" data-id=\"8113\" src=\"http:\/\/campoformoso.ba.gov.br\/site\/wp-content\/uploads\/2025\/06\/IMG_99033.jpg\" alt=\"\" class=\"wp-image-8113\"\/><\/figure>\n<\/figure>\n","protected":false},"excerpt":{"rendered":"<p>Na \u00faltima quinta-feira, 29 de maio, a Gest\u00e3o Municipal, por meio da Secretaria de Desenvolvimento Social, realizou a primeira edi\u00e7\u00e3o da Confer\u00eancia Municipal dos Direitos do Idoso. O tema suscitado foi &#8220;Envelhecimento multicultural e democracia: Urg\u00eancia por equidade, direitos e participa\u00e7\u00e3o&#8221;. Estiveram presentes o vice-prefeito Jaci Muniz, a secret\u00e1ria de Desenvolvimento Social, Sandra Madali e [&hellip;]<\/p>\n","protected":false},"author":2,"featured_media":0,"comment_status":"open","ping_status":"open","sticky":false,"template":"","format":"standard","meta":{"_acf_changed":false,"cybocfi_hide_featured_image":"","footnotes":""},"categories":[4],"tags":[17],"class_list":["post-8111","post","type-post","status-publish","format-standard","hentry","category-noticias","tag-desenvolvimento-social"],"acf":[],"yoast_head":"<!-- This site is optimized with the Yoast SEO plugin v25.2 - https:\/\/yoast.com\/wordpress\/plugins\/seo\/ -->\n<title>GEST\u00c3O MUNICIPAL REALIZOU A 1\u00aa CONFER\u00caNCIA MUNICIPAL DOS DIREITOS DO IDOSO - Prefeitura de Campo Formoso - Ba<\/title>\n<meta name=\"robots\" content=\"index, follow, max-snippet:-1, max-image-preview:large, max-video-preview:-1\" \/>\n<link rel=\"canonical\" href=\"http:\/\/campoformoso.ba.gov.br\/site\/gestao-municipal-realizou-a-1a-conferencia-municipal-dos-direitos-do-idoso\/\" \/>\n<meta property=\"og:locale\" content=\"pt_BR\" \/>\n<meta property=\"og:type\" content=\"article\" \/>\n<meta property=\"og:title\" content=\"GEST\u00c3O MUNICIPAL REALIZOU A 1\u00aa CONFER\u00caNCIA MUNICIPAL DOS DIREITOS DO IDOSO - Prefeitura de Campo Formoso - Ba\" \/>\n<meta property=\"og:description\" content=\"Na \u00faltima quinta-feira, 29 de maio, a Gest\u00e3o Municipal, por meio da Secretaria de Desenvolvimento Social, realizou a primeira edi\u00e7\u00e3o da Confer\u00eancia Municipal dos Direitos do Idoso. O tema suscitado foi &#8220;Envelhecimento multicultural e democracia: Urg\u00eancia por equidade, direitos e participa\u00e7\u00e3o&#8221;. Estiveram presentes o vice-prefeito Jaci Muniz, a secret\u00e1ria de Desenvolvimento Social, Sandra Madali e [&hellip;]\" \/>\n<meta property=\"og:url\" content=\"http:\/\/campoformoso.ba.gov.br\/site\/gestao-municipal-realizou-a-1a-conferencia-municipal-dos-direitos-do-idoso\/\" \/>\n<meta property=\"og:site_name\" content=\"Prefeitura de Campo Formoso - Ba\" \/>\n<meta property=\"article:publisher\" content=\"https:\/\/www.facebook.com\/prefcampoformoso\" \/>\n<meta property=\"article:published_time\" content=\"2025-06-03T15:49:08+00:00\" \/>\n<meta property=\"article:modified_time\" content=\"2025-06-03T15:49:13+00:00\" \/>\n<meta property=\"og:image\" content=\"http:\/\/campoformoso.ba.gov.br\/site\/wp-content\/uploads\/2025\/06\/IMG_9849.jpg\" \/>\n\t<meta property=\"og:image:width\" content=\"2400\" \/>\n\t<meta property=\"og:image:height\" content=\"1600\" \/>\n\t<meta property=\"og:image:type\" content=\"image\/jpeg\" \/>\n<meta name=\"author\" content=\"decom\" \/>\n<meta name=\"twitter:card\" content=\"summary_large_image\" \/>\n<meta name=\"twitter:creator\" content=\"@campoformosoba\" \/>\n<meta name=\"twitter:site\" content=\"@campoformosoba\" \/>\n<meta name=\"twitter:label1\" content=\"Escrito por\" \/>\n\t<meta name=\"twitter:data1\" content=\"decom\" \/>\n\t<meta name=\"twitter:label2\" content=\"Est. tempo de leitura\" \/>\n\t<meta name=\"twitter:data2\" content=\"3 minutos\" \/>\n<script type=\"application\/ld+json\" class=\"yoast-schema-graph\">{\"@context\":\"https:\/\/schema.org\",\"@graph\":[{\"@type\":\"Article\",\"@id\":\"http:\/\/campoformoso.ba.gov.br\/site\/gestao-municipal-realizou-a-1a-conferencia-municipal-dos-direitos-do-idoso\/#article\",\"isPartOf\":{\"@id\":\"http:\/\/campoformoso.ba.gov.br\/site\/gestao-municipal-realizou-a-1a-conferencia-municipal-dos-direitos-do-idoso\/\"},\"author\":{\"name\":\"decom\",\"@id\":\"http:\/\/campoformoso.ba.gov.br\/site\/#\/schema\/person\/a03fe886d4909ab6e37a5cad20a73b40\"},\"headline\":\"GEST\u00c3O MUNICIPAL REALIZOU A 1\u00aa CONFER\u00caNCIA MUNICIPAL DOS DIREITOS DO IDOSO\",\"datePublished\":\"2025-06-03T15:49:08+00:00\",\"dateModified\":\"2025-06-03T15:49:13+00:00\",\"mainEntityOfPage\":{\"@id\":\"http:\/\/campoformoso.ba.gov.br\/site\/gestao-municipal-realizou-a-1a-conferencia-municipal-dos-direitos-do-idoso\/\"},\"wordCount\":122,\"commentCount\":0,\"publisher\":{\"@id\":\"http:\/\/campoformoso.ba.gov.br\/site\/#organization\"},\"image\":{\"@id\":\"http:\/\/campoformoso.ba.gov.br\/site\/gestao-municipal-realizou-a-1a-conferencia-municipal-dos-direitos-do-idoso\/#primaryimage\"},\"thumbnailUrl\":\"http:\/\/campoformoso.ba.gov.br\/site\/wp-content\/uploads\/2025\/06\/IMG_9849.jpg\",\"keywords\":[\"DESENVOLVIMENTO SOCIAL\"],\"articleSection\":[\"Not\u00edcias\"],\"inLanguage\":\"pt-BR\",\"potentialAction\":[{\"@type\":\"CommentAction\",\"name\":\"Comment\",\"target\":[\"http:\/\/campoformoso.ba.gov.br\/site\/gestao-municipal-realizou-a-1a-conferencia-municipal-dos-direitos-do-idoso\/#respond\"]}]},{\"@type\":\"WebPage\",\"@id\":\"http:\/\/campoformoso.ba.gov.br\/site\/gestao-municipal-realizou-a-1a-conferencia-municipal-dos-direitos-do-idoso\/\",\"url\":\"http:\/\/campoformoso.ba.gov.br\/site\/gestao-municipal-realizou-a-1a-conferencia-municipal-dos-direitos-do-idoso\/\",\"name\":\"GEST\u00c3O MUNICIPAL REALIZOU A 1\u00aa CONFER\u00caNCIA MUNICIPAL DOS DIREITOS DO IDOSO - Prefeitura de Campo Formoso - Ba\",\"isPartOf\":{\"@id\":\"http:\/\/campoformoso.ba.gov.br\/site\/#website\"},\"primaryImageOfPage\":{\"@id\":\"http:\/\/campoformoso.ba.gov.br\/site\/gestao-municipal-realizou-a-1a-conferencia-municipal-dos-direitos-do-idoso\/#primaryimage\"},\"image\":{\"@id\":\"http:\/\/campoformoso.ba.gov.br\/site\/gestao-municipal-realizou-a-1a-conferencia-municipal-dos-direitos-do-idoso\/#primaryimage\"},\"thumbnailUrl\":\"http:\/\/campoformoso.ba.gov.br\/site\/wp-content\/uploads\/2025\/06\/IMG_9849.jpg\",\"datePublished\":\"2025-06-03T15:49:08+00:00\",\"dateModified\":\"2025-06-03T15:49:13+00:00\",\"breadcrumb\":{\"@id\":\"http:\/\/campoformoso.ba.gov.br\/site\/gestao-municipal-realizou-a-1a-conferencia-municipal-dos-direitos-do-idoso\/#breadcrumb\"},\"inLanguage\":\"pt-BR\",\"potentialAction\":[{\"@type\":\"ReadAction\",\"target\":[\"http:\/\/campoformoso.ba.gov.br\/site\/gestao-municipal-realizou-a-1a-conferencia-municipal-dos-direitos-do-idoso\/\"]}]},{\"@type\":\"ImageObject\",\"inLanguage\":\"pt-BR\",\"@id\":\"http:\/\/campoformoso.ba.gov.br\/site\/gestao-municipal-realizou-a-1a-conferencia-municipal-dos-direitos-do-idoso\/#primaryimage\",\"url\":\"http:\/\/campoformoso.ba.gov.br\/site\/wp-content\/uploads\/2025\/06\/IMG_9849.jpg\",\"contentUrl\":\"http:\/\/campoformoso.ba.gov.br\/site\/wp-content\/uploads\/2025\/06\/IMG_9849.jpg\",\"width\":2400,\"height\":1600},{\"@type\":\"BreadcrumbList\",\"@id\":\"http:\/\/campoformoso.ba.gov.br\/site\/gestao-municipal-realizou-a-1a-conferencia-municipal-dos-direitos-do-idoso\/#breadcrumb\",\"itemListElement\":[{\"@type\":\"ListItem\",\"position\":1,\"name\":\"In\u00edcio\",\"item\":\"http:\/\/campoformoso.ba.gov.br\/site\/\"},{\"@type\":\"ListItem\",\"position\":2,\"name\":\"GEST\u00c3O MUNICIPAL REALIZOU A 1\u00aa CONFER\u00caNCIA MUNICIPAL DOS DIREITOS DO IDOSO\"}]},{\"@type\":\"WebSite\",\"@id\":\"http:\/\/campoformoso.ba.gov.br\/site\/#website\",\"url\":\"http:\/\/campoformoso.ba.gov.br\/site\/\",\"name\":\"Prefeitura de Campo Formoso - Ba\",\"description\":\"Seja bem vindo ao portal da Prefeitura de Campo Formoso - Ba. Acompanhe a nova hist\u00f3ria da cidade das esmeraldas!\",\"publisher\":{\"@id\":\"http:\/\/campoformoso.ba.gov.br\/site\/#organization\"},\"potentialAction\":[{\"@type\":\"SearchAction\",\"target\":{\"@type\":\"EntryPoint\",\"urlTemplate\":\"http:\/\/campoformoso.ba.gov.br\/site\/?s={search_term_string}\"},\"query-input\":{\"@type\":\"PropertyValueSpecification\",\"valueRequired\":true,\"valueName\":\"search_term_string\"}}],\"inLanguage\":\"pt-BR\"},{\"@type\":\"Organization\",\"@id\":\"http:\/\/campoformoso.ba.gov.br\/site\/#organization\",\"name\":\"Prefeitura de Campo Formoso\",\"url\":\"http:\/\/campoformoso.ba.gov.br\/site\/\",\"logo\":{\"@type\":\"ImageObject\",\"inLanguage\":\"pt-BR\",\"@id\":\"http:\/\/campoformoso.ba.gov.br\/site\/#\/schema\/logo\/image\/\",\"url\":\"http:\/\/pmcf.local\/wp-content\/uploads\/2022\/08\/favicon.png\",\"contentUrl\":\"http:\/\/pmcf.local\/wp-content\/uploads\/2022\/08\/favicon.png\",\"width\":273,\"height\":335,\"caption\":\"Prefeitura de Campo Formoso\"},\"image\":{\"@id\":\"http:\/\/campoformoso.ba.gov.br\/site\/#\/schema\/logo\/image\/\"},\"sameAs\":[\"https:\/\/www.facebook.com\/prefcampoformoso\",\"https:\/\/x.com\/campoformosoba\",\"https:\/\/www.instagram.com\/\",\"https:\/\/www.youtube.com\/c\/PrefeituradeCampoFormosoBA\"]},{\"@type\":\"Person\",\"@id\":\"http:\/\/campoformoso.ba.gov.br\/site\/#\/schema\/person\/a03fe886d4909ab6e37a5cad20a73b40\",\"name\":\"decom\",\"image\":{\"@type\":\"ImageObject\",\"inLanguage\":\"pt-BR\",\"@id\":\"http:\/\/campoformoso.ba.gov.br\/site\/#\/schema\/person\/image\/\",\"url\":\"https:\/\/secure.gravatar.com\/avatar\/123d644c2adba3dad176aad9ecb4cb46025309c82d47c17eb90ba99102525865?s=96&d=mm&r=g\",\"contentUrl\":\"https:\/\/secure.gravatar.com\/avatar\/123d644c2adba3dad176aad9ecb4cb46025309c82d47c17eb90ba99102525865?s=96&d=mm&r=g\",\"caption\":\"decom\"},\"url\":\"http:\/\/campoformoso.ba.gov.br\/site\/author\/decom\/\"}]}<\/script>\n<!-- \/ Yoast SEO plugin. -->","yoast_head_json":{"title":"GEST\u00c3O MUNICIPAL REALIZOU A 1\u00aa CONFER\u00caNCIA MUNICIPAL DOS DIREITOS DO IDOSO - Prefeitura de Campo Formoso - Ba","robots":{"index":"index","follow":"follow","max-snippet":"max-snippet:-1","max-image-preview":"max-image-preview:large","max-video-preview":"max-video-preview:-1"},"canonical":"http:\/\/campoformoso.ba.gov.br\/site\/gestao-municipal-realizou-a-1a-conferencia-municipal-dos-direitos-do-idoso\/","og_locale":"pt_BR","og_type":"article","og_title":"GEST\u00c3O MUNICIPAL REALIZOU A 1\u00aa CONFER\u00caNCIA MUNICIPAL DOS DIREITOS DO IDOSO - Prefeitura de Campo Formoso - Ba","og_description":"Na \u00faltima quinta-feira, 29 de maio, a Gest\u00e3o Municipal, por meio da Secretaria de Desenvolvimento Social, realizou a primeira edi\u00e7\u00e3o da Confer\u00eancia Municipal dos Direitos do Idoso. O tema suscitado foi &#8220;Envelhecimento multicultural e democracia: Urg\u00eancia por equidade, direitos e participa\u00e7\u00e3o&#8221;. Estiveram presentes o vice-prefeito Jaci Muniz, a secret\u00e1ria de Desenvolvimento Social, Sandra Madali e [&hellip;]","og_url":"http:\/\/campoformoso.ba.gov.br\/site\/gestao-municipal-realizou-a-1a-conferencia-municipal-dos-direitos-do-idoso\/","og_site_name":"Prefeitura de Campo Formoso - Ba","article_publisher":"https:\/\/www.facebook.com\/prefcampoformoso","article_published_time":"2025-06-03T15:49:08+00:00","article_modified_time":"2025-06-03T15:49:13+00:00","og_image":[{"width":2400,"height":1600,"url":"http:\/\/campoformoso.ba.gov.br\/site\/wp-content\/uploads\/2025\/06\/IMG_9849.jpg","type":"image\/jpeg"}],"author":"decom","twitter_card":"summary_large_image","twitter_creator":"@campoformosoba","twitter_site":"@campoformosoba","twitter_misc":{"Escrito por":"decom","Est. tempo de leitura":"3 minutos"},"schema":{"@context":"https:\/\/schema.org","@graph":[{"@type":"Article","@id":"http:\/\/campoformoso.ba.gov.br\/site\/gestao-municipal-realizou-a-1a-conferencia-municipal-dos-direitos-do-idoso\/#article","isPartOf":{"@id":"http:\/\/campoformoso.ba.gov.br\/site\/gestao-municipal-realizou-a-1a-conferencia-municipal-dos-direitos-do-idoso\/"},"author":{"name":"decom","@id":"http:\/\/campoformoso.ba.gov.br\/site\/#\/schema\/person\/a03fe886d4909ab6e37a5cad20a73b40"},"headline":"GEST\u00c3O MUNICIPAL REALIZOU A 1\u00aa CONFER\u00caNCIA MUNICIPAL DOS DIREITOS DO IDOSO","datePublished":"2025-06-03T15:49:08+00:00","dateModified":"2025-06-03T15:49:13+00:00","mainEntityOfPage":{"@id":"http:\/\/campoformoso.ba.gov.br\/site\/gestao-municipal-realizou-a-1a-conferencia-municipal-dos-direitos-do-idoso\/"},"wordCount":122,"commentCount":0,"publisher":{"@id":"http:\/\/campoformoso.ba.gov.br\/site\/#organization"},"image":{"@id":"http:\/\/campoformoso.ba.gov.br\/site\/gestao-municipal-realizou-a-1a-conferencia-municipal-dos-direitos-do-idoso\/#primaryimage"},"thumbnailUrl":"http:\/\/campoformoso.ba.gov.br\/site\/wp-content\/uploads\/2025\/06\/IMG_9849.jpg","keywords":["DESENVOLVIMENTO SOCIAL"],"articleSection":["Not\u00edcias"],"inLanguage":"pt-BR","potentialAction":[{"@type":"CommentAction","name":"Comment","target":["http:\/\/campoformoso.ba.gov.br\/site\/gestao-municipal-realizou-a-1a-conferencia-municipal-dos-direitos-do-idoso\/#respond"]}]},{"@type":"WebPage","@id":"http:\/\/campoformoso.ba.gov.br\/site\/gestao-municipal-realizou-a-1a-conferencia-municipal-dos-direitos-do-idoso\/","url":"http:\/\/campoformoso.ba.gov.br\/site\/gestao-municipal-realizou-a-1a-conferencia-municipal-dos-direitos-do-idoso\/","name":"GEST\u00c3O MUNICIPAL REALIZOU A 1\u00aa CONFER\u00caNCIA MUNICIPAL DOS DIREITOS DO IDOSO - Prefeitura de Campo Formoso - Ba","isPartOf":{"@id":"http:\/\/campoformoso.ba.gov.br\/site\/#website"},"primaryImageOfPage":{"@id":"http:\/\/campoformoso.ba.gov.br\/site\/gestao-municipal-realizou-a-1a-conferencia-municipal-dos-direitos-do-idoso\/#primaryimage"},"image":{"@id":"http:\/\/campoformoso.ba.gov.br\/site\/gestao-municipal-realizou-a-1a-conferencia-municipal-dos-direitos-do-idoso\/#primaryimage"},"thumbnailUrl":"http:\/\/campoformoso.ba.gov.br\/site\/wp-content\/uploads\/2025\/06\/IMG_9849.jpg","datePublished":"2025-06-03T15:49:08+00:00","dateModified":"2025-06-03T15:49:13+00:00","breadcrumb":{"@id":"http:\/\/campoformoso.ba.gov.br\/site\/gestao-municipal-realizou-a-1a-conferencia-municipal-dos-direitos-do-idoso\/#breadcrumb"},"inLanguage":"pt-BR","potentialAction":[{"@type":"ReadAction","target":["http:\/\/campoformoso.ba.gov.br\/site\/gestao-municipal-realizou-a-1a-conferencia-municipal-dos-direitos-do-idoso\/"]}]},{"@type":"ImageObject","inLanguage":"pt-BR","@id":"http:\/\/campoformoso.ba.gov.br\/site\/gestao-municipal-realizou-a-1a-conferencia-municipal-dos-direitos-do-idoso\/#primaryimage","url":"http:\/\/campoformoso.ba.gov.br\/site\/wp-content\/uploads\/2025\/06\/IMG_9849.jpg","contentUrl":"http:\/\/campoformoso.ba.gov.br\/site\/wp-content\/uploads\/2025\/06\/IMG_9849.jpg","width":2400,"height":1600},{"@type":"BreadcrumbList","@id":"http:\/\/campoformoso.ba.gov.br\/site\/gestao-municipal-realizou-a-1a-conferencia-municipal-dos-direitos-do-idoso\/#breadcrumb","itemListElement":[{"@type":"ListItem","position":1,"name":"In\u00edcio","item":"http:\/\/campoformoso.ba.gov.br\/site\/"},{"@type":"ListItem","position":2,"name":"GEST\u00c3O MUNICIPAL REALIZOU A 1\u00aa CONFER\u00caNCIA MUNICIPAL DOS DIREITOS DO IDOSO"}]},{"@type":"WebSite","@id":"http:\/\/campoformoso.ba.gov.br\/site\/#website","url":"http:\/\/campoformoso.ba.gov.br\/site\/","name":"Prefeitura de Campo Formoso - Ba","description":"Seja bem vindo ao portal da Prefeitura de Campo Formoso - Ba. Acompanhe a nova hist\u00f3ria da cidade das esmeraldas!","publisher":{"@id":"http:\/\/campoformoso.ba.gov.br\/site\/#organization"},"potentialAction":[{"@type":"SearchAction","target":{"@type":"EntryPoint","urlTemplate":"http:\/\/campoformoso.ba.gov.br\/site\/?s={search_term_string}"},"query-input":{"@type":"PropertyValueSpecification","valueRequired":true,"valueName":"search_term_string"}}],"inLanguage":"pt-BR"},{"@type":"Organization","@id":"http:\/\/campoformoso.ba.gov.br\/site\/#organization","name":"Prefeitura de Campo Formoso","url":"http:\/\/campoformoso.ba.gov.br\/site\/","logo":{"@type":"ImageObject","inLanguage":"pt-BR","@id":"http:\/\/campoformoso.ba.gov.br\/site\/#\/schema\/logo\/image\/","url":"http:\/\/pmcf.local\/wp-content\/uploads\/2022\/08\/favicon.png","contentUrl":"http:\/\/pmcf.local\/wp-content\/uploads\/2022\/08\/favicon.png","width":273,"height":335,"caption":"Prefeitura de Campo Formoso"},"image":{"@id":"http:\/\/campoformoso.ba.gov.br\/site\/#\/schema\/logo\/image\/"},"sameAs":["https:\/\/www.facebook.com\/prefcampoformoso","https:\/\/x.com\/campoformosoba","https:\/\/www.instagram.com\/","https:\/\/www.youtube.com\/c\/PrefeituradeCampoFormosoBA"]},{"@type":"Person","@id":"http:\/\/campoformoso.ba.gov.br\/site\/#\/schema\/person\/a03fe886d4909ab6e37a5cad20a73b40","name":"decom","image":{"@type":"ImageObject","inLanguage":"pt-BR","@id":"http:\/\/campoformoso.ba.gov.br\/site\/#\/schema\/person\/image\/","url":"https:\/\/secure.gravatar.com\/avatar\/123d644c2adba3dad176aad9ecb4cb46025309c82d47c17eb90ba99102525865?s=96&d=mm&r=g","contentUrl":"https:\/\/secure.gravatar.com\/avatar\/123d644c2adba3dad176aad9ecb4cb46025309c82d47c17eb90ba99102525865?s=96&d=mm&r=g","caption":"decom"},"url":"http:\/\/campoformoso.ba.gov.br\/site\/author\/decom\/"}]}},"_links":{"self":[{"href":"http:\/\/campoformoso.ba.gov.br\/site\/wp-json\/wp\/v2\/posts\/8111","targetHints":{"allow":["GET"]}}],"collection":[{"href":"http:\/\/campoformoso.ba.gov.br\/site\/wp-json\/wp\/v2\/posts"}],"about":[{"href":"http:\/\/campoformoso.ba.gov.br\/site\/wp-json\/wp\/v2\/types\/post"}],"author":[{"embeddable":true,"href":"http:\/\/campoformoso.ba.gov.br\/site\/wp-json\/wp\/v2\/users\/2"}],"replies":[{"embeddable":true,"href":"http:\/\/campoformoso.ba.gov.br\/site\/wp-json\/wp\/v2\/comments?post=8111"}],"version-history":[{"count":1,"href":"http:\/\/campoformoso.ba.gov.br\/site\/wp-json\/wp\/v2\/posts\/8111\/revisions"}],"predecessor-version":[{"id":8121,"href":"http:\/\/campoformoso.ba.gov.br\/site\/wp-json\/wp\/v2\/posts\/8111\/revisions\/8121"}],"wp:attachment":[{"href":"http:\/\/campoformoso.ba.gov.br\/site\/wp-json\/wp\/v2\/media?parent=8111"}],"wp:term":[{"taxonomy":"category","embeddable":true,"href":"http:\/\/campoformoso.ba.gov.br\/site\/wp-json\/wp\/v2\/categories?post=8111"},{"taxonomy":"post_tag","embeddable":true,"href":"http:\/\/campoformoso.ba.gov.br\/site\/wp-json\/wp\/v2\/tags?post=8111"}],"curies":[{"name":"wp","href":"https:\/\/api.w.org\/{rel}","templated":true}]}}